{"id":2253,"date":"2020-01-07T10:37:22","date_gmt":"2020-01-07T09:37:22","guid":{"rendered":"https:\/\/2020.zaragoza.wordcamp.org\/?p=2253"},"modified":"2020-01-17T11:58:12","modified_gmt":"2020-01-17T10:58:12","slug":"dia-para-compartir","status":"publish","type":"post","link":"https:\/\/zaragoza.wordcamp.org\/2020\/dia-para-compartir\/","title":{"rendered":"Jornada abierta y gratuita: D\u00eda para compartir"},"content":{"rendered":"\n<p class=\"wp-block-paragraph\">Si has visto en el <a href=\"https:\/\/2020.zaragoza.wordcamp.org\/programa\/\">programa que la WordCamp<\/a> es un evento que se divide en dos jornadas, d\u00eda 17 y 18 de enero de 2020:<\/p>\n\n\n\n<div class=\"wp-block-group has-yellow-background-color has-background margin0\"><div class=\"wp-block-group__inner-container is-layout-flow wp-block-group-is-layout-flow\">\n<div class=\"wp-block-columns is-layout-flex wp-container-core-columns-is-layout-8f761849 wp-block-columns-is-layout-flex\">\n<div class=\"wp-block-column is-layout-flow wp-block-column-is-layout-flow\">\n<p class=\"has-text-align-center has-normal-font-size wp-block-paragraph\">Viernes 17<br><strong>D\u00eda para compartir<\/strong><\/p>\n\n\n\n<p class=\"has-text-align-center has-small-font-size wp-block-paragraph\">(<a href=\"https:\/\/www.meetup.com\/es-ES\/WordPress-Zaragoza\/events\/267617109\/\" target=\"_blank\" rel=\"noreferrer noopener\" aria-label=\"acceso gratuito previo registro (abre en una nueva pesta\u00f1a)\">acceso gratuito previo registro<\/a>)<\/p>\n<\/div>\n\n\n\n<div class=\"wp-block-column is-layout-flow wp-block-column-is-layout-flow\">\n<p class=\"has-text-align-center wp-block-paragraph\"> S\u00e1bado 18:<br><strong>D\u00eda para aprender<\/strong><\/p>\n\n\n\n<p class=\"has-text-align-center has-small-font-size wp-block-paragraph\">(<a rel=\"noreferrer noopener\" href=\"https:\/\/2020.zaragoza.wordcamp.org\/tickets\/\" target=\"_blank\">compra aqu\u00ed tu entrada<\/a>) <\/p>\n<\/div>\n<\/div>\n<\/div><\/div>\n\n\n\n<div style=\"height:20px\" aria-hidden=\"true\" class=\"wp-block-spacer\"><\/div>\n\n\n\n<div class=\"wp-block-group has-light-gray-background-color has-background margin0\"><div class=\"wp-block-group__inner-container is-layout-flow wp-block-group-is-layout-flow\">\n<ul class=\"wp-block-list\"><li><a href=\"#registro\">\u00bfDebo comprar entrada?<\/a><\/li><li><a href=\"#que-es\">\u00bfQu\u00e9 es el d\u00eda para compartir?<\/a><\/li><li><a href=\"#jornada\">\u00bfC\u00f3mo se desarrollar\u00e1 la jornada?<\/a><\/li><li><a href=\"#necesito\">\u00bfNecesito algo para asistir?<\/a><\/li><\/ul>\n<\/div><\/div>\n\n\n\n<h2 class=\"wp-block-heading\" id=\"registro\">\u00bfDebo comprar entrada?<\/h2>\n\n\n\n<p class=\"wp-block-paragraph\">En realidad no es necesario. Es un d\u00eda gratuito, abierto a todo el mundo.<\/p>\n\n\n\n<p class=\"wp-block-paragraph\">Solo te pedimos que, si no has comprado tu entrada para el evento del s\u00e1bado, confirmes tu asistencia a trav\u00e9s de meetup.com en este enlace: <a href=\"https:\/\/www.meetup.com\/es-ES\/WordPress-Zaragoza\/events\/267617109\/\" target=\"_blank\" rel=\"noreferrer noopener\" aria-label=\"meetup.com\/WordPress-Zaragoza\/events\/267617109 (abre en una nueva pesta\u00f1a)\">meetup.com\/WordPress-Zaragoza\/events\/267617109<\/a><\/p>\n\n\n\n<p class=\"wp-block-paragraph\">De este modo podemos controlar mejor cu\u00e1nta gente vendr\u00e1. \u00a1Gracias por colaborar!<\/p>\n\n\n\n<h2 class=\"wp-block-heading\" id=\"que-es\"><strong>\u00bfQu\u00e9 es el d\u00eda para compartir?<\/strong><\/h2>\n\n\n\n<p class=\"wp-block-paragraph\">Com\u00fanmente denominado \u00abContributor Day\u00bb, el d\u00eda para compartir es un d\u00eda enfocado a conocer qu\u00e9 es WordPress, qui\u00e9n hay detr\u00e1s, c\u00f3mo funciona, c\u00f3mo contribuir, etc. Es un d\u00eda para colaborar y compartir tu tiempo con la comunidad para seguir haciendo de WordPress lo que es.<\/p>\n\n\n\n<p class=\"wp-block-paragraph\">Es un d\u00eda para conocernos mejor, para conocer qu\u00e9 otras personas se dedican a lo mismo que t\u00fa, para conocer con qui\u00e9n puedes colaborar, quien ofrece o busca trabajo; para compartir experiencias y relacionarnos con otras personas del mismo sector.<\/p>\n\n\n\n<p class=\"has-text-color has-bright-red-color wp-block-paragraph\">En definitiva, un <strong>d\u00eda para compartir<\/strong>.<\/p>\n\n\n\n<h2 class=\"wp-block-heading\" id=\"jornada\"><strong>\u00bfC\u00f3mo se desarrollar\u00e1 la jornada?<\/strong><\/h2>\n\n\n\n<p class=\"wp-block-paragraph\">La jornada se diferenciar\u00e1 en las siguientes partes:<\/p>\n\n\n\n<p class=\"wp-block-paragraph\">Por la ma\u00f1ana habr\u00e1 <strong>4 ponencias<\/strong> enfocadas a conocer mejor WordPress, abrir\u00e1 el auditorio <a href=\"https:\/\/2020.zaragoza.wordcamp.org\/speaker\/jose-angel-vidania\/\">Jos\u00e9 \u00c1ngel Vidania<\/a> con una charla r\u00e1pida titulada \u008d\u00ab<a href=\"https:\/\/2020.zaragoza.wordcamp.org\/session\/en-wordcamp-zaragoza-2018-empezo-todo\/\">En WordCamp Zaragoza 2018 empez\u00f3 todo<\/a>\u00bb y continuar\u00e1n <a href=\"https:\/\/2020.zaragoza.wordcamp.org\/speaker\/fernando-tellado\/\">Fernando Tellado<\/a> con \u00ab <a href=\"https:\/\/2020.zaragoza.wordcamp.org\/session\/por-que-wordpress-dominara-el-mundo\/\">\u00bfPor qu\u00e9 WordPress dominar\u00e1 el mundo?<\/a> \u00bb y <a href=\"https:\/\/2020.zaragoza.wordcamp.org\/speaker\/andros-fenollosa-hurtado\/\">Andros Fenollosa<\/a> con \u00ab<a href=\"https:\/\/2020.zaragoza.wordcamp.org\/session\/seamos-valientes-cual-es-el-porcetaje-real-de-wordpress\/\">Seamos valientes, \u00bfcu\u00e1l es el porcentaje real de WordPress?<\/a>\u00bb, y finalizar\u00e1 <a href=\"https:\/\/2020.zaragoza.wordcamp.org\/speaker\/alejandro-gil-mialdea\/\">Alejandro Gil<\/a> contando \u00ab<a href=\"https:\/\/2020.zaragoza.wordcamp.org\/session\/que-y-quien-hay-detras-de-wordpress\/\">Qu\u00e9 y qui\u00e9n hay detr\u00e1s de WordPress<\/a>\u00bb.<\/p>\n\n\n\n<p class=\"wp-block-paragraph\">Despu\u00e9s, gracias a nuestros magn\u00edficos patrocinadores, os invitaremos a comer a todos para coger fuerzas para la tarde y tener un rato para conocer al resto de asistentes.<\/p>\n\n\n\n<p class=\"wp-block-paragraph\">Por la tarde ser\u00e1 el momento de aprender a colaborar con WordPress, dividi\u00e9ndonos todos en <strong>6 mesas<\/strong> de <em>trabajo<\/em>:<\/p>\n\n\n\n<ul class=\"wp-block-list\"><li><strong>Soporte<\/strong>: coordinada por <a href=\"https:\/\/2020.zaragoza.wordcamp.org\/speaker\/fernando-tellado\/\">Fernando Tellado<\/a> que nos mostrar\u00e1 los foros de soporte de WordPress.<\/li><li><strong>Traducciones<\/strong>: coordinada por <a href=\"https:\/\/2020.zaragoza.wordcamp.org\/speaker\/javier-esteban\/\">Javier Esteban<\/a>, que explicar\u00e1 c\u00f3mo se hacen las traducciones tanto de WordPress como de sus temas y plugins.<\/li><li><strong>WordPress.tv<\/strong>: coordinada por <a href=\"https:\/\/2020.zaragoza.wordcamp.org\/speaker\/israel-escuer\/\">Israel Escuer<\/a> y apoyado por Jos\u00e9 \u00c1ngel Vidania, que nos asombrar\u00e1n con el maravilloso mundo de la televisi\u00f3n abierta y gratuita de WordPress.<\/li><li><strong>Comunidad<\/strong>: coordinada por <a href=\"https:\/\/2020.zaragoza.wordcamp.org\/speaker\/alejandro-gil-mialdea\/\">Alejandro Gil<\/a> que nos mostrar\u00e1 c\u00f3mo podemos colaborar con WordPress en nuestro pueblo o ciudad, dando a conocer qu\u00e9 son las meetup o c\u00f3mo se organiza una WordCamp.<\/li><li><strong>Dise\u00f1o<\/strong>: coordinada por <a href=\"https:\/\/2020.zaragoza.wordcamp.org\/speaker\/estefania-gomez\/\">Nia<\/a>, con quienes aprender\u00e9is a aportar vuestro granito de arena y plasmar vuestra creatividad en WordPress.<\/li><\/ul>\n\n\n\n<p class=\"wp-block-paragraph\">Puedes conocer un poco m\u00e1s acerca de c\u00f3mo colaborar con WordPress en  <a href=\"https:\/\/es.wordpress.org\/colabora\/\">https:\/\/es.wordpress.org\/colabora\/<\/a>.<\/p>\n\n\n\n<h2 class=\"wp-block-heading\" id=\"necesito\">\u00bfNecesito algo para asistir?<\/h2>\n\n\n\n<p class=\"wp-block-paragraph\">No es estrictamente necesario, pero para poder aprender y aprovechar bien la tarde, lo m\u00e1s adecuado es:<\/p>\n\n\n\n<ul class=\"wp-block-list\"><li>Traer un ordenador port\u00e1til.<\/li><li>Darse de alta en WordPress.org y en el equipo de trabajo de Slack.<\/li><\/ul>\n\n\n\n<figure class=\"wp-block-embed-wordpress-tv wp-block-embed is-type-video wp-embed-aspect-16-9 wp-has-aspect-ratio\"><div class=\"wp-block-embed__wrapper\">\n<iframe width='840' height='473' src='https:\/\/videopress.com\/embed\/pz3m8iX5?hd=0' frameborder='0' allowfullscreen><\/iframe><script src='https:\/\/v0.wordpress.com\/js\/next\/videopress-iframe.js?m=1435166243'><\/script>\n<\/div><\/figure>\n","protected":false},"excerpt":{"rendered":"<p>Si has visto en el programa que la WordCamp es un evento que se divide en dos jornadas, d\u00eda 17 y 18 de enero de 2020: Viernes 17D\u00eda para compartir (acceso gratuito previo registro) S\u00e1bado 18:D\u00eda para aprender (compra aqu\u00ed tu entrada) \u00bfDebo comprar entrada? \u00bfQu\u00e9 es el d\u00eda para compartir? \u00bfC\u00f3mo se desarrollar\u00e1 la &hellip; <a href=\"https:\/\/zaragoza.wordcamp.org\/2020\/dia-para-compartir\/\" class=\"more-link\">Continuar leyendo<span class=\"screen-reader-text\"> \u00abJornada abierta y gratuita: D\u00eda para compartir\u00bb<\/span><\/a><\/p>\n","protected":false},"author":6642423,"featured_media":2274,"comment_status":"open","ping_status":"open","sticky":false,"template":"","format":"standard","meta":{"_crdt_document":"","jetpack_post_was_ever_published":false,"_jetpack_newsletter_access":"","_jetpack_dont_email_post_to_subs":false,"_jetpack_newsletter_tier_id":0,"_jetpack_memberships_contains_paywalled_content":false,"_jetpack_memberships_contains_paid_content":false,"footnotes":""},"categories":[42],"tags":[],"class_list":["post-2253","post","type-post","status-publish","format-standard","has-post-thumbnail","hentry","category-informacion"],"jetpack_featured_media_url":"https:\/\/i0.wp.com\/zaragoza.wordcamp.org\/2020\/files\/2020\/01\/wczgz-2020-contributor-day.png?fit=835%2C280&ssl=1","jetpack_sharing_enabled":true,"jetpack_likes_enabled":true,"_links":{"self":[{"href":"https:\/\/zaragoza.wordcamp.org\/2020\/wp-json\/wp\/v2\/posts\/2253","targetHints":{"allow":["GET"]}}],"collection":[{"href":"https:\/\/zaragoza.wordcamp.org\/2020\/wp-json\/wp\/v2\/posts"}],"about":[{"href":"https:\/\/zaragoza.wordcamp.org\/2020\/wp-json\/wp\/v2\/types\/post"}],"author":[{"embeddable":true,"href":"https:\/\/zaragoza.wordcamp.org\/2020\/wp-json\/wp\/v2\/users\/6642423"}],"replies":[{"embeddable":true,"href":"https:\/\/zaragoza.wordcamp.org\/2020\/wp-json\/wp\/v2\/comments?post=2253"}],"version-history":[{"count":17,"href":"https:\/\/zaragoza.wordcamp.org\/2020\/wp-json\/wp\/v2\/posts\/2253\/revisions"}],"predecessor-version":[{"id":2731,"href":"https:\/\/zaragoza.wordcamp.org\/2020\/wp-json\/wp\/v2\/posts\/2253\/revisions\/2731"}],"wp:featuredmedia":[{"embeddable":true,"href":"https:\/\/zaragoza.wordcamp.org\/2020\/wp-json\/wp\/v2\/media\/2274"}],"wp:attachment":[{"href":"https:\/\/zaragoza.wordcamp.org\/2020\/wp-json\/wp\/v2\/media?parent=2253"}],"wp:term":[{"taxonomy":"category","embeddable":true,"href":"https:\/\/zaragoza.wordcamp.org\/2020\/wp-json\/wp\/v2\/categories?post=2253"},{"taxonomy":"post_tag","embeddable":true,"href":"https:\/\/zaragoza.wordcamp.org\/2020\/wp-json\/wp\/v2\/tags?post=2253"}],"curies":[{"name":"wp","href":"https:\/\/api.w.org\/{rel}","templated":true}]}}